{"id":2523,"date":"2018-11-15T10:00:59","date_gmt":"2018-11-15T09:00:59","guid":{"rendered":"https:\/\/silocreativo.win\/ptyp\/?p=2523"},"modified":"2018-11-15T10:01:23","modified_gmt":"2018-11-15T09:01:23","slug":"agora-pau-mari-klose","status":"publish","type":"post","link":"https:\/\/silocreativo.win\/ptyp\/es\/agora-pau-mari-klose\/","title":{"rendered":"\u00c1gora Pau Mar\u00ed Klose &#8211; \u00abEl reto de la lucha contra la pobreza infantil\u00bb"},"content":{"rendered":"<p>La comisi\u00f3n acad\u00e9mica del Master Universitario Sociedad, Administraci\u00f3n y Pol\u00edtica (MUSAP, @musap_upo) se complace en invitarle a la lecci\u00f3n magistral titulada\u00a0\u00a0<em>El reto de la lucha contra la pobreza infantil<\/em>\u00a0que impartir\u00e1 el Dr. D. Pau Mar\u00ed-Klose, Alto Comisionado para la Lucha contra la Pobreza Infantil, con motivo de su participaci\u00f3n en el \u00c1gora del Master Universitario Sociedad, Administraci\u00f3n y Pol\u00edtica.<\/p>\n<p>&nbsp;<\/p>\n<p>El acto tendr\u00e1 lugar el\u00a0<strong>21 de noviembre<\/strong>, a las 17:30 horas, en el aula\u00a0<strong>B.04 del edificio 45,\u00a0<\/strong>Universidad Pablo de Olavide, Sevilla, Ctra. de Utrera, km.1 \u2013 41013 Sevilla<\/p>\n<p>&nbsp;<\/p>\n<p><strong>S\u00edntesis<\/strong>: La pobreza y la exclusi\u00f3n en la infancia han entrado en el debate p\u00fablico con fuerza despu\u00e9s de a\u00f1os de desatenci\u00f3n. Desde hace m\u00e1s de dos d\u00e9cadas disponemos de datos rigurosos que muestran que la vulnerabilidad econ\u00f3mica en la infancia en Espa\u00f1a alcanza cotas impropias de un pa\u00eds con nuestro nivel de desarrollo. En el curso de la presentaci\u00f3n se dibujar\u00e1n los perfiles de la pobreza infantil en Espa\u00f1a y los principales factores que la generan.\u00a0 Establecidos los contornos emp\u00edricos del fen\u00f3meno, se reflexionar\u00e1 sobre los principales argumentos que fundamentan la lucha contra esta lacra y con qu\u00e9 pol\u00edticas p\u00fablicas puede construirse una estrategia eficaz para combatirla.<\/p>\n<p>&nbsp;<\/p>\n<p>Se ruega puntualidad. Los certificados de asistencia se solicitan al finalizar el acto.<\/p>\n","protected":false},"excerpt":{"rendered":"<p>La comisi\u00f3n acad\u00e9mica del Master Universitario Sociedad, Administraci\u00f3n y Pol\u00edtica (MUSAP, @musap_upo) se complace en invitarle a la lecci\u00f3n magistral titulada\u00a0\u00a0El reto de la lucha contra la pobreza infantil\u00a0que impartir\u00e1 el Dr. D. Pau Mar\u00ed-Klose, Alto Comisionado para la Lucha contra la Pobreza Infantil, con motivo de su participaci\u00f3n en el \u00c1gora del Master Universitario [&hellip;]<\/p>\n","protected":false},"author":2,"featured_media":2524,"comment_status":"closed","ping_status":"closed","sticky":false,"template":"","format":"standard","meta":{"footnotes":""},"categories":[7],"tags":[],"class_list":["post-2523","post","type-post","status-publish","format-standard","has-post-thumbnail","hentry","category-uncategorised-es"],"_links":{"self":[{"href":"https:\/\/silocreativo.win\/ptyp\/wp-json\/wp\/v2\/posts\/2523","targetHints":{"allow":["GET"]}}],"collection":[{"href":"https:\/\/silocreativo.win\/ptyp\/wp-json\/wp\/v2\/posts"}],"about":[{"href":"https:\/\/silocreativo.win\/ptyp\/wp-json\/wp\/v2\/types\/post"}],"author":[{"embeddable":true,"href":"https:\/\/silocreativo.win\/ptyp\/wp-json\/wp\/v2\/users\/2"}],"replies":[{"embeddable":true,"href":"https:\/\/silocreativo.win\/ptyp\/wp-json\/wp\/v2\/comments?post=2523"}],"version-history":[{"count":2,"href":"https:\/\/silocreativo.win\/ptyp\/wp-json\/wp\/v2\/posts\/2523\/revisions"}],"predecessor-version":[{"id":2526,"href":"https:\/\/silocreativo.win\/ptyp\/wp-json\/wp\/v2\/posts\/2523\/revisions\/2526"}],"wp:featuredmedia":[{"embeddable":true,"href":"https:\/\/silocreativo.win\/ptyp\/wp-json\/wp\/v2\/media\/2524"}],"wp:attachment":[{"href":"https:\/\/silocreativo.win\/ptyp\/wp-json\/wp\/v2\/media?parent=2523"}],"wp:term":[{"taxonomy":"category","embeddable":true,"href":"https:\/\/silocreativo.win\/ptyp\/wp-json\/wp\/v2\/categories?post=2523"},{"taxonomy":"post_tag","embeddable":true,"href":"https:\/\/silocreativo.win\/ptyp\/wp-json\/wp\/v2\/tags?post=2523"}],"curies":[{"name":"wp","href":"https:\/\/api.w.org\/{rel}","templated":true}]}}