{"id":3170,"date":"2021-07-19T10:57:32","date_gmt":"2021-07-19T08:57:32","guid":{"rendered":"https:\/\/silocreativo.win\/ptyp\/?p=3170"},"modified":"2021-10-26T11:30:57","modified_gmt":"2021-10-26T09:30:57","slug":"ptyp-presente-en-la-aecpa","status":"publish","type":"post","link":"https:\/\/silocreativo.win\/ptyp\/es\/ptyp-presente-en-la-aecpa\/","title":{"rendered":"PTyP presente en la AECPA"},"content":{"rendered":"\n<p>El viernes 9 de julio de 2021, <a href=\"https:\/\/silocreativo.win\/ptyp\/es\/researcher\/jean-baptiste-harguindeguy\/\"><span class=\"has-inline-color has-vivid-cyan-blue-color\">Jean-Baptiste Harguind\u00e9guy<\/span> <\/a>(PTyP) y Eloisa del Pino (CSIC) coordinaron el Grupo de trabajo 5.4. \u00abEnse\u00f1ar las pol\u00edticas p\u00fablicas: contenidos y metodolog\u00edas a debate\u00bb en el XV Congreso de la Asociaci\u00f3n Espa\u00f1ola de Ciencia Pol\u00edtica y de la Administraci\u00f3n. <\/p>\n\n\n\n<div style=\"height:16px\" aria-hidden=\"true\" class=\"wp-block-spacer\"><\/div>\n\n\n\n<p>El grupo de trabajo fue llevado a cabo en modalidad online y junt\u00f3 a varios especialistas de la docencia en pol\u00edticas p\u00fablicas como&nbsp;Segundo Valmorisco, Mar\u00eda Jos\u00e9 Vicente, Rosa Mar\u00eda de la Fuente y Mar\u00eda Velasco entre otros\/as.<\/p>\n\n\n\n<figure class=\"wp-block-image size-large\"><img loading=\"lazy\" decoding=\"async\" width=\"494\" height=\"700\" src=\"https:\/\/silocreativo.win\/ptyp\/wp-content\/uploads\/2021\/07\/AECPA.jpg\" alt=\"\" class=\"wp-image-3172\" srcset=\"https:\/\/silocreativo.win\/ptyp\/wp-content\/uploads\/2021\/07\/AECPA.jpg 494w, https:\/\/silocreativo.win\/ptyp\/wp-content\/uploads\/2021\/07\/AECPA-212x300.jpg 212w\" sizes=\"auto, (max-width: 494px) 100vw, 494px\" \/><\/figure>\n\n\n\n<div style=\"height:16px\" aria-hidden=\"true\" class=\"wp-block-spacer\"><\/div>\n\n\n\n<p>Enlace:&nbsp;<a rel=\"noreferrer noopener\" href=\"https:\/\/aecpa.es\/es-es\/ensenar-las-politicas-publicas-contenidos-y-metodologias-a-debate\/congress-workgroups\/501\/\" target=\"_blank\"><span class=\"has-inline-color has-vivid-cyan-blue-color\">https:\/\/aecpa.es\/es-es\/ensenar-las-politicas-publicas-contenidos-y-metodologias-a-debate\/congress-workgroups\/501\/<\/span><\/a><\/p>\n","protected":false},"excerpt":{"rendered":"<p>El viernes 9 de julio de 2021, Jean-Baptiste Harguind\u00e9guy (PTyP) y Eloisa del Pino (CSIC) coordinaron el Grupo de trabajo 5.4. \u00abEnse\u00f1ar las pol\u00edticas p\u00fablicas: contenidos y metodolog\u00edas a debate\u00bb en el XV Congreso de la Asociaci\u00f3n Espa\u00f1ola de Ciencia Pol\u00edtica y de la Administraci\u00f3n. El grupo de trabajo fue llevado a cabo en modalidad [&hellip;]<\/p>\n","protected":false},"author":2,"featured_media":0,"comment_status":"closed","ping_status":"closed","sticky":false,"template":"","format":"standard","meta":{"footnotes":""},"categories":[7],"tags":[],"class_list":["post-3170","post","type-post","status-publish","format-standard","hentry","category-uncategorised-es"],"_links":{"self":[{"href":"https:\/\/silocreativo.win\/ptyp\/wp-json\/wp\/v2\/posts\/3170","targetHints":{"allow":["GET"]}}],"collection":[{"href":"https:\/\/silocreativo.win\/ptyp\/wp-json\/wp\/v2\/posts"}],"about":[{"href":"https:\/\/silocreativo.win\/ptyp\/wp-json\/wp\/v2\/types\/post"}],"author":[{"embeddable":true,"href":"https:\/\/silocreativo.win\/ptyp\/wp-json\/wp\/v2\/users\/2"}],"replies":[{"embeddable":true,"href":"https:\/\/silocreativo.win\/ptyp\/wp-json\/wp\/v2\/comments?post=3170"}],"version-history":[{"count":5,"href":"https:\/\/silocreativo.win\/ptyp\/wp-json\/wp\/v2\/posts\/3170\/revisions"}],"predecessor-version":[{"id":3246,"href":"https:\/\/silocreativo.win\/ptyp\/wp-json\/wp\/v2\/posts\/3170\/revisions\/3246"}],"wp:attachment":[{"href":"https:\/\/silocreativo.win\/ptyp\/wp-json\/wp\/v2\/media?parent=3170"}],"wp:term":[{"taxonomy":"category","embeddable":true,"href":"https:\/\/silocreativo.win\/ptyp\/wp-json\/wp\/v2\/categories?post=3170"},{"taxonomy":"post_tag","embeddable":true,"href":"https:\/\/silocreativo.win\/ptyp\/wp-json\/wp\/v2\/tags?post=3170"}],"curies":[{"name":"wp","href":"https:\/\/api.w.org\/{rel}","templated":true}]}}