{"id":3176,"date":"2021-07-19T11:02:44","date_gmt":"2021-07-19T09:02:44","guid":{"rendered":"https:\/\/silocreativo.win\/ptyp\/?p=3176"},"modified":"2021-07-19T12:50:00","modified_gmt":"2021-07-19T10:50:00","slug":"el-ipsa-cuenta-con-la-participacion-de-varios-miembros-del-ptyp","status":"publish","type":"post","link":"https:\/\/silocreativo.win\/ptyp\/es\/el-ipsa-cuenta-con-la-participacion-de-varios-miembros-del-ptyp\/","title":{"rendered":"El IPSA cuenta con la participaci\u00f3n de varios miembros del PTyP"},"content":{"rendered":"\n<p><a href=\"https:\/\/silocreativo.win\/ptyp\/es\/researcher\/jean-baptiste-harguindeguy\/\"><span class=\"has-inline-color has-vivid-cyan-blue-color\">Jean-Baptiste Harguind\u00e9guy<\/span><\/a> y <a href=\"https:\/\/silocreativo.win\/ptyp\/es\/researcher\/bosco-govantes\/\"><span class=\"has-inline-color has-vivid-cyan-blue-color\">Bosco Govantes<\/span><\/a> (PTyP) estuvieron presentes durante el Congreso del&nbsp;<em>International Political Science Association<\/em>&nbsp;como organizadores (junto con Victoria Veguilla, UPO) del panel \u00abPeripheral elites in central states&#8217; apparatus. A world perspective\u00bb el mi\u00e9rcoles 14 de julio. <\/p>\n\n\n\n<div style=\"height:16px\" aria-hidden=\"true\" class=\"wp-block-spacer\"><\/div>\n\n\n\n<p>El congreso &#8211; inicialmente previsto en Lisboa &#8211; fue llevado a cabo de forma virtual. Este panel cont\u00f3 con la participaci\u00f3n de especialistas internacionales como Alexander Libman, Pamela Sosa y Beatriz Tom\u00e9 Alonso.<\/p>\n\n\n\n<div style=\"height:16px\" aria-hidden=\"true\" class=\"wp-block-spacer\"><\/div>\n\n\n\n<p>Enlace:&nbsp;<a rel=\"noreferrer noopener\" href=\"https:\/\/wc2021.ipsa.org\/wc\/panel\/peripheral-elites-central-states-apparatus-world-perspective\" target=\"_blank\"><span class=\"has-inline-color has-vivid-cyan-blue-color\">https:\/\/wc2021.ipsa.org\/wc\/panel\/peripheral-elites-central-states-apparatus-world-perspective<\/span><\/a>&nbsp;<\/p>\n\n\n\n<div style=\"height:16px\" aria-hidden=\"true\" class=\"wp-block-spacer\"><\/div>\n\n\n\n<p>Asimismo, <a href=\"https:\/\/silocreativo.win\/ptyp\/es\/researcher\/manuel-jimenez-sanchez\/\"><span class=\"has-inline-color has-vivid-cyan-blue-color\">Manuel Jim\u00e9nez S\u00e1nchez<\/span><\/a> (PTyP) junto a <span class=\"has-inline-color has-vivid-cyan-blue-color\">\u00a0<\/span><a href=\"https:\/\/silocreativo.win\/ptyp\/es\/researcher\/marta-fraile-maldonado\/\"><span class=\"has-inline-color has-vivid-cyan-blue-color\">Marta Farile<\/span><\/a>\u00a0(CSIC) y\u00a0<a href=\"https:\/\/silocreativo.win\/ptyp\/es\/researcher\/josep-lobera\/\"><span class=\"has-inline-color has-vivid-cyan-blue-color\">Josep Lobrera<\/span><\/a>\u00a0(UAM) presentaron un paper titulado \u00abCapturing the transformative potential of protest events for the general public: the International Women\u2019s Day 2019 in Spain\u00bb. La comunicaci\u00f3n fue presentada el d\u00eda 10 de julio de 2021 en el panel\u00a0<a href=\"https:\/\/wc2021.ipsa.org\/wc\/panel\/social-dynamics-and-politics-new-social-movements-new-parties\">GS02.02 Social Dynamics and Politics \u2013 New Social Movements, New Parties<\/a>. Clicando <a href=\"https:\/\/silocreativo.win\/ptyp\/es\/manuel-jimenez-sanchez-presenta-los-resultados-de-una-investigacion-sobre-el-dia-internacional-de-la-mujer-al-26o-congreso-mundial-de-ciencia-politica\/\"><span class=\"has-inline-color has-vivid-cyan-blue-color\">aqu\u00ed <\/span><\/a>pueden acceder al video de la comunicaci\u00f3n.<\/p>\n\n\n\n<div style=\"height:54px\" aria-hidden=\"true\" class=\"wp-block-spacer\"><\/div>\n\n\n\n<figure class=\"wp-block-image size-large is-resized\"><img loading=\"lazy\" decoding=\"async\" src=\"https:\/\/silocreativo.win\/ptyp\/wp-content\/uploads\/2021\/07\/Ipsa-1024x267.jpg\" alt=\"\" class=\"wp-image-3178\" width=\"724\" height=\"188\" srcset=\"https:\/\/silocreativo.win\/ptyp\/wp-content\/uploads\/2021\/07\/Ipsa-1024x267.jpg 1024w, https:\/\/silocreativo.win\/ptyp\/wp-content\/uploads\/2021\/07\/Ipsa-300x78.jpg 300w, https:\/\/silocreativo.win\/ptyp\/wp-content\/uploads\/2021\/07\/Ipsa-768x200.jpg 768w, https:\/\/silocreativo.win\/ptyp\/wp-content\/uploads\/2021\/07\/Ipsa-1536x400.jpg 1536w, https:\/\/silocreativo.win\/ptyp\/wp-content\/uploads\/2021\/07\/Ipsa.jpg 1920w\" sizes=\"auto, (max-width: 724px) 100vw, 724px\" \/><\/figure>\n\n\n\n<p><\/p>\n","protected":false},"excerpt":{"rendered":"<p>Jean-Baptiste Harguind\u00e9guy y Bosco Govantes (PTyP) estuvieron presentes durante el Congreso del&nbsp;International Political Science Association&nbsp;como organizadores (junto con Victoria Veguilla, UPO) del panel \u00abPeripheral elites in central states&#8217; apparatus. A world perspective\u00bb el mi\u00e9rcoles 14 de julio. El congreso &#8211; inicialmente previsto en Lisboa &#8211; fue llevado a cabo de forma virtual. Este panel cont\u00f3 [&hellip;]<\/p>\n","protected":false},"author":2,"featured_media":0,"comment_status":"closed","ping_status":"closed","sticky":false,"template":"","format":"standard","meta":{"footnotes":""},"categories":[7],"tags":[],"class_list":["post-3176","post","type-post","status-publish","format-standard","hentry","category-uncategorised-es"],"_links":{"self":[{"href":"https:\/\/silocreativo.win\/ptyp\/wp-json\/wp\/v2\/posts\/3176","targetHints":{"allow":["GET"]}}],"collection":[{"href":"https:\/\/silocreativo.win\/ptyp\/wp-json\/wp\/v2\/posts"}],"about":[{"href":"https:\/\/silocreativo.win\/ptyp\/wp-json\/wp\/v2\/types\/post"}],"author":[{"embeddable":true,"href":"https:\/\/silocreativo.win\/ptyp\/wp-json\/wp\/v2\/users\/2"}],"replies":[{"embeddable":true,"href":"https:\/\/silocreativo.win\/ptyp\/wp-json\/wp\/v2\/comments?post=3176"}],"version-history":[{"count":12,"href":"https:\/\/silocreativo.win\/ptyp\/wp-json\/wp\/v2\/posts\/3176\/revisions"}],"predecessor-version":[{"id":3190,"href":"https:\/\/silocreativo.win\/ptyp\/wp-json\/wp\/v2\/posts\/3176\/revisions\/3190"}],"wp:attachment":[{"href":"https:\/\/silocreativo.win\/ptyp\/wp-json\/wp\/v2\/media?parent=3176"}],"wp:term":[{"taxonomy":"category","embeddable":true,"href":"https:\/\/silocreativo.win\/ptyp\/wp-json\/wp\/v2\/categories?post=3176"},{"taxonomy":"post_tag","embeddable":true,"href":"https:\/\/silocreativo.win\/ptyp\/wp-json\/wp\/v2\/tags?post=3176"}],"curies":[{"name":"wp","href":"https:\/\/api.w.org\/{rel}","templated":true}]}}