{"id":3497,"date":"2021-11-27T09:38:14","date_gmt":"2021-11-27T08:38:14","guid":{"rendered":"https:\/\/silocreativo.win\/ptyp\/?p=3497"},"modified":"2021-12-02T15:45:20","modified_gmt":"2021-12-02T14:45:20","slug":"el-seminario-juventudes-ciudadania-y-participacion-una-aproximacion-a-las-formas-de-desigualdad-antes-durante-y-despues-del-confinamiento-se-celebrara-el-proximo-1-de-diciembre","status":"publish","type":"post","link":"https:\/\/silocreativo.win\/ptyp\/es\/el-seminario-juventudes-ciudadania-y-participacion-una-aproximacion-a-las-formas-de-desigualdad-antes-durante-y-despues-del-confinamiento-se-celebrara-el-proximo-1-de-diciembre\/","title":{"rendered":"Celebrado el seminario \u00abJuventudes, ciudadan\u00eda y participaci\u00f3n: Una aproximaci\u00f3n a las formas de desigualdad antes, durante y despu\u00e9s del confinamiento\u00bb"},"content":{"rendered":"\n<p>El pasado <strong>1 de diciembre<\/strong> se celebr\u00f3 el seminario<strong><em> \u00abJuventudes, ciudadan\u00eda y participaci\u00f3n: Una aproximaci\u00f3n a las formas de desigualdad antes, durante y despu\u00e9s del confinamiento\u00bb<\/em><\/strong>, impartido por el investigador <a href=\"https:\/\/www.conicet.gov.ar\/new_scp\/detalle.php?id=43309&amp;datos_academicos=yes\"><span style=\"color: #0000ff;\">Andr\u00e9s E. Hern\u00e1ndez.<\/span><\/a>&nbsp;&nbsp;<\/p>\n\n\n\n<div style=\"height:30px\" aria-hidden=\"true\" class=\"wp-block-spacer\"><\/div>\n\n\n<p>Durante el seminario se present\u00f3 una interesante investigaci\u00f3n en la que se ofreci\u00f3 un breve repaso y sistematizaci\u00f3n de aquellos estudios que se han enfocado en la cuesti\u00f3n de la ciudadan\u00eda y la participaci\u00f3n de las juventudes en pa\u00edses de Am\u00e9rica Latina en general, y en Argentina en particular. Dentro de este contexto se reconstruye el modo en que han ido ganando terreno aquellas perspectivas que, inscribi\u00e9ndose m\u00e1s o menos formalmente en el campo de investigaci\u00f3n sobre juventudes, han ofrecido aportes novedosos a las ciencias sociales tanto desde el punto de vista te\u00f3rico como metodol\u00f3gico.<\/p>\n\n\n<div style=\"height:40px\" aria-hidden=\"true\" class=\"wp-block-spacer\"><\/div>\n\n\n\n<div class=\"wp-block-image is-style-default\"><figure class=\"aligncenter size-large is-resized\"><img loading=\"lazy\" decoding=\"async\" src=\"https:\/\/silocreativo.win\/ptyp\/wp-content\/uploads\/2021\/12\/IMG_20211201_114046-1-edited-scaled.jpg\" alt=\"\" class=\"wp-image-3516\" width=\"580\" height=\"326\" srcset=\"https:\/\/silocreativo.win\/ptyp\/wp-content\/uploads\/2021\/12\/IMG_20211201_114046-1-edited-scaled.jpg 2560w, https:\/\/silocreativo.win\/ptyp\/wp-content\/uploads\/2021\/12\/IMG_20211201_114046-1-edited-300x169.jpg 300w, https:\/\/silocreativo.win\/ptyp\/wp-content\/uploads\/2021\/12\/IMG_20211201_114046-1-edited-1024x576.jpg 1024w, https:\/\/silocreativo.win\/ptyp\/wp-content\/uploads\/2021\/12\/IMG_20211201_114046-1-edited-768x432.jpg 768w, https:\/\/silocreativo.win\/ptyp\/wp-content\/uploads\/2021\/12\/IMG_20211201_114046-1-edited-1536x864.jpg 1536w, https:\/\/silocreativo.win\/ptyp\/wp-content\/uploads\/2021\/12\/IMG_20211201_114046-1-edited-2048x1152.jpg 2048w\" sizes=\"auto, (max-width: 580px) 100vw, 580px\" \/><\/figure><\/div>\n\n\n\n<div style=\"height:40px\" aria-hidden=\"true\" class=\"wp-block-spacer\"><\/div>\n\n\n<p>Andr\u00e9s E. Hern\u00e1ndez es Licenciado en Sociolog\u00eda y Doctor en Ciencias Antropol\u00f3gicas. Ha sido docente de grado y posgrado en distintas universidades. Actualmente se encuentra desarrollando actividades de docencia en la Universidad Nacional de C\u00f3rdoba (Arg.) y de investigaci\u00f3n en el Centro de Conocimiento, Formaci\u00f3n e Investigaci\u00f3n en Estudios Sociales (CCONFINES\/CONICET).\u00a0<\/p>\n\n\n<div style=\"height:30px\" aria-hidden=\"true\" class=\"wp-block-spacer\"><\/div>\n\n\n\n<div style=\"height:30px\" aria-hidden=\"true\" class=\"wp-block-spacer\"><\/div>\n\n\n\n<div class=\"wp-block-columns are-vertically-aligned-bottom is-layout-flex wp-container-core-columns-is-layout-2 wp-block-columns-is-layout-flex\">\n<div class=\"wp-block-column is-vertically-aligned-bottom is-layout-flow wp-block-column-is-layout-flow\" style=\"flex-basis:100%\">\n<div class=\"wp-block-group\"><div class=\"wp-block-group__inner-container is-layout-flow wp-block-group-is-layout-flow\">\n<div class=\"wp-block-columns is-layout-flex wp-container-core-columns-is-layout-1 wp-block-columns-is-layout-flex\"><\/div>\n<\/div><\/div>\n<\/div>\n<\/div>\n","protected":false},"excerpt":{"rendered":"<p>El pasado 1 de diciembre se celebr\u00f3 el seminario \u00abJuventudes, ciudadan\u00eda y participaci\u00f3n: Una aproximaci\u00f3n a las formas de desigualdad antes, durante y despu\u00e9s del confinamiento\u00bb, impartido por el investigador Andr\u00e9s E. Hern\u00e1ndez.&nbsp;&nbsp; Durante el seminario se present\u00f3 una interesante investigaci\u00f3n en la que se ofreci\u00f3 un breve repaso y sistematizaci\u00f3n de aquellos estudios que [&hellip;]<\/p>\n","protected":false},"author":2,"featured_media":0,"comment_status":"closed","ping_status":"closed","sticky":false,"template":"","format":"standard","meta":{"footnotes":""},"categories":[7],"tags":[],"class_list":["post-3497","post","type-post","status-publish","format-standard","hentry","category-uncategorised-es"],"_links":{"self":[{"href":"https:\/\/silocreativo.win\/ptyp\/wp-json\/wp\/v2\/posts\/3497","targetHints":{"allow":["GET"]}}],"collection":[{"href":"https:\/\/silocreativo.win\/ptyp\/wp-json\/wp\/v2\/posts"}],"about":[{"href":"https:\/\/silocreativo.win\/ptyp\/wp-json\/wp\/v2\/types\/post"}],"author":[{"embeddable":true,"href":"https:\/\/silocreativo.win\/ptyp\/wp-json\/wp\/v2\/users\/2"}],"replies":[{"embeddable":true,"href":"https:\/\/silocreativo.win\/ptyp\/wp-json\/wp\/v2\/comments?post=3497"}],"version-history":[{"count":15,"href":"https:\/\/silocreativo.win\/ptyp\/wp-json\/wp\/v2\/posts\/3497\/revisions"}],"predecessor-version":[{"id":3529,"href":"https:\/\/silocreativo.win\/ptyp\/wp-json\/wp\/v2\/posts\/3497\/revisions\/3529"}],"wp:attachment":[{"href":"https:\/\/silocreativo.win\/ptyp\/wp-json\/wp\/v2\/media?parent=3497"}],"wp:term":[{"taxonomy":"category","embeddable":true,"href":"https:\/\/silocreativo.win\/ptyp\/wp-json\/wp\/v2\/categories?post=3497"},{"taxonomy":"post_tag","embeddable":true,"href":"https:\/\/silocreativo.win\/ptyp\/wp-json\/wp\/v2\/tags?post=3497"}],"curies":[{"name":"wp","href":"https:\/\/api.w.org\/{rel}","templated":true}]}}