{"id":3561,"date":"2021-12-15T13:10:45","date_gmt":"2021-12-15T12:10:45","guid":{"rendered":"https:\/\/silocreativo.win\/ptyp\/?p=3561"},"modified":"2021-12-16T10:50:59","modified_gmt":"2021-12-16T09:50:59","slug":"participacion-de-manuel-jimenez-y-marta-fraile-en-las-ii-jornadas-experimentacion-sociedad-y-politica-universidad-autonoma-de-barcelona-13-14-de-diciembre-de-2021","status":"publish","type":"post","link":"https:\/\/silocreativo.win\/ptyp\/es\/participacion-de-manuel-jimenez-y-marta-fraile-en-las-ii-jornadas-experimentacion-sociedad-y-politica-universidad-autonoma-de-barcelona-13-14-de-diciembre-de-2021\/","title":{"rendered":"Participaci\u00f3n de  investigadores de PTyP en las \u00abII Jornadas Experimentaci\u00f3n: Sociedad y Pol\u00edtica\u00bb."},"content":{"rendered":"\n<div style=\"height:30px\" aria-hidden=\"true\" class=\"wp-block-spacer\"><\/div>\n\n\n<p>El pasado 13 y 14 de diciembre <a href=\"https:\/\/silocreativo.win\/ptyp\/es\/researcher\/antonio-m-jaime-castillo\/\">Antonio M. Jaime<\/a>, <a href=\"https:\/\/silocreativo.win\/ptyp\/es\/researcher\/beatriz-carrasco-ariza\/\">Beatriz Carrasco<\/a>, <a href=\"https:\/\/silocreativo.win\/ptyp\/es\/researcher\/manuel-jimenez-sanchez\/\" target=\"_blank\" rel=\"noopener\">Manuel Jim\u00e9nez<\/a> y\u00a0<a href=\"https:\/\/silocreativo.win\/ptyp\/es\/researcher\/xavier-coller-porta\/\">Xavier Coller<\/a>\u00a0participaron el las <em><strong>II Jornadas Experimentaci\u00f3n: Sociedad y Pol\u00edtica <\/strong><\/em>celebrada en la Universidad Aut\u00f3noma de Barcelona.<\/p>\n\n\n<div style=\"height:28px\" aria-hidden=\"true\" class=\"wp-block-spacer\"><\/div>\n\n\n<p>Accede al programa final de las jornadas con los abstracts de los trabajos presentados.<\/p>\n\n\n<div style=\"height:28px\" aria-hidden=\"true\" class=\"wp-block-spacer\"><\/div>\n\n\n<p style=\"padding-left: 40px;\"><span style=\"color: #ff0000;\">&#8211; <\/span><a href=\"https:\/\/silocreativo.win\/ptyp\/wp-content\/uploads\/2021\/12\/Programa_final_extendido.pdf\" target=\"_blank\" rel=\"noopener\"><span style=\"color: #ff0000;\">Abstract. II Experimentation Conference: Society and Politics.<\/span><\/a><\/p>\n\n\n<div style=\"height:50px\" aria-hidden=\"true\" class=\"wp-block-spacer\"><\/div>\n","protected":false},"excerpt":{"rendered":"<p>El pasado 13 y 14 de diciembre Antonio M. Jaime, Beatriz Carrasco, Manuel Jim\u00e9nez y\u00a0Xavier Coller\u00a0participaron el las II Jornadas Experimentaci\u00f3n: Sociedad y Pol\u00edtica celebrada en la Universidad Aut\u00f3noma de Barcelona. Accede al programa final de las jornadas con los abstracts de los trabajos presentados. &#8211; Abstract. II Experimentation Conference: Society and Politics.<\/p>\n","protected":false},"author":2,"featured_media":0,"comment_status":"closed","ping_status":"closed","sticky":false,"template":"","format":"standard","meta":{"footnotes":""},"categories":[7],"tags":[],"class_list":["post-3561","post","type-post","status-publish","format-standard","hentry","category-uncategorised-es"],"_links":{"self":[{"href":"https:\/\/silocreativo.win\/ptyp\/wp-json\/wp\/v2\/posts\/3561","targetHints":{"allow":["GET"]}}],"collection":[{"href":"https:\/\/silocreativo.win\/ptyp\/wp-json\/wp\/v2\/posts"}],"about":[{"href":"https:\/\/silocreativo.win\/ptyp\/wp-json\/wp\/v2\/types\/post"}],"author":[{"embeddable":true,"href":"https:\/\/silocreativo.win\/ptyp\/wp-json\/wp\/v2\/users\/2"}],"replies":[{"embeddable":true,"href":"https:\/\/silocreativo.win\/ptyp\/wp-json\/wp\/v2\/comments?post=3561"}],"version-history":[{"count":9,"href":"https:\/\/silocreativo.win\/ptyp\/wp-json\/wp\/v2\/posts\/3561\/revisions"}],"predecessor-version":[{"id":3574,"href":"https:\/\/silocreativo.win\/ptyp\/wp-json\/wp\/v2\/posts\/3561\/revisions\/3574"}],"wp:attachment":[{"href":"https:\/\/silocreativo.win\/ptyp\/wp-json\/wp\/v2\/media?parent=3561"}],"wp:term":[{"taxonomy":"category","embeddable":true,"href":"https:\/\/silocreativo.win\/ptyp\/wp-json\/wp\/v2\/categories?post=3561"},{"taxonomy":"post_tag","embeddable":true,"href":"https:\/\/silocreativo.win\/ptyp\/wp-json\/wp\/v2\/tags?post=3561"}],"curies":[{"name":"wp","href":"https:\/\/api.w.org\/{rel}","templated":true}]}}