{"id":3594,"date":"2022-03-12T18:17:24","date_gmt":"2022-03-12T17:17:24","guid":{"rendered":"https:\/\/silocreativo.win\/ptyp\/?p=3594"},"modified":"2022-03-12T23:12:14","modified_gmt":"2022-03-12T22:12:14","slug":"xavier-coller-investigador-de-ptyp-publica-junto-a-andre-freire-andrea-pedrazzani-emmanouil-tsatsanis-y-paolo-segatti-el-articulo-age-and-descriptive-representation-in-southern-europe-the-impact","status":"publish","type":"post","link":"https:\/\/silocreativo.win\/ptyp\/es\/xavier-coller-investigador-de-ptyp-publica-junto-a-andre-freire-andrea-pedrazzani-emmanouil-tsatsanis-y-paolo-segatti-el-articulo-age-and-descriptive-representation-in-southern-europe-the-impact\/","title":{"rendered":"Xavier Coller investigador de PTyP publica junto a Andr\u00e9 Freire, Andrea Pedrazzani, Emmanouil Tsatsanis y Paolo Segatti el art\u00edculo \u00abAge and Descriptive Representation in Southern Europe: The Impact of the Great Recession on National Parliaments\u00bb"},"content":{"rendered":"\n<p>El art\u00edculo recientemente publicado analiza la representaci\u00f3n de diferentes grupos de edad en los parlamentos de Portugal, Espa\u00f1a, Italia y Grecia. Se focaliza de forma temporal en distintas etapas de la &#8216;Gran Recesi\u00f3n&#8217; y arroja interesantes resultados que muestran cambios significativos en el caso de Espa\u00f1a e Italia donde la edad de los parlamentarios se reduce en los partidos emergentes durante la crisis, mientras que en Grecia y Portugal no se observan cambios destacables.<\/p>\n\n\n\n<div style=\"height:44px\" aria-hidden=\"true\" class=\"wp-block-spacer\"><\/div>\n\n\n\n<p>Puede acceder a m\u00e1s informaci\u00f3n o al articulo completo desde <a rel=\"noreferrer noopener\" href=\"https:\/\/www.tandfonline.com\/doi\/full\/10.1080\/13608746.2022.2026336?fbclid=IwAR3kMdcw_u_UjGBvaSf1z3AMwk-IBKZ-2tOmqZZp_o_vgT5x7k89jvD2Zpw&amp;src=&amp;journalCode=fses20\" target=\"_blank\"><strong>aqu\u00ed.<\/strong><\/a><\/p>\n\n\n\n<div style=\"height:100px\" aria-hidden=\"true\" class=\"wp-block-spacer\"><\/div>\n\n\n\n<p><\/p>\n","protected":false},"excerpt":{"rendered":"<p>El art\u00edculo recientemente publicado analiza la representaci\u00f3n de diferentes grupos de edad en los parlamentos de Portugal, Espa\u00f1a, Italia y Grecia. Se focaliza de forma temporal en distintas etapas de la &#8216;Gran Recesi\u00f3n&#8217; y arroja interesantes resultados que muestran cambios significativos en el caso de Espa\u00f1a e Italia donde la edad de los parlamentarios se [&hellip;]<\/p>\n","protected":false},"author":2,"featured_media":0,"comment_status":"closed","ping_status":"closed","sticky":false,"template":"","format":"standard","meta":{"footnotes":""},"categories":[7],"tags":[],"class_list":["post-3594","post","type-post","status-publish","format-standard","hentry","category-uncategorised-es"],"_links":{"self":[{"href":"https:\/\/silocreativo.win\/ptyp\/wp-json\/wp\/v2\/posts\/3594","targetHints":{"allow":["GET"]}}],"collection":[{"href":"https:\/\/silocreativo.win\/ptyp\/wp-json\/wp\/v2\/posts"}],"about":[{"href":"https:\/\/silocreativo.win\/ptyp\/wp-json\/wp\/v2\/types\/post"}],"author":[{"embeddable":true,"href":"https:\/\/silocreativo.win\/ptyp\/wp-json\/wp\/v2\/users\/2"}],"replies":[{"embeddable":true,"href":"https:\/\/silocreativo.win\/ptyp\/wp-json\/wp\/v2\/comments?post=3594"}],"version-history":[{"count":7,"href":"https:\/\/silocreativo.win\/ptyp\/wp-json\/wp\/v2\/posts\/3594\/revisions"}],"predecessor-version":[{"id":3602,"href":"https:\/\/silocreativo.win\/ptyp\/wp-json\/wp\/v2\/posts\/3594\/revisions\/3602"}],"wp:attachment":[{"href":"https:\/\/silocreativo.win\/ptyp\/wp-json\/wp\/v2\/media?parent=3594"}],"wp:term":[{"taxonomy":"category","embeddable":true,"href":"https:\/\/silocreativo.win\/ptyp\/wp-json\/wp\/v2\/categories?post=3594"},{"taxonomy":"post_tag","embeddable":true,"href":"https:\/\/silocreativo.win\/ptyp\/wp-json\/wp\/v2\/tags?post=3594"}],"curies":[{"name":"wp","href":"https:\/\/api.w.org\/{rel}","templated":true}]}}