{"id":3610,"date":"2022-04-18T16:29:21","date_gmt":"2022-04-18T14:29:21","guid":{"rendered":"https:\/\/silocreativo.win\/ptyp\/?p=3610"},"modified":"2022-04-18T16:49:53","modified_gmt":"2022-04-18T14:49:53","slug":"manuel-jimenez-sanchez-y-patricia-garcia-espin-publican-the-mobilising-memory-of-the-15-m-movement-recollections-and-sediments-in-spanish-protest-culture","status":"publish","type":"post","link":"https:\/\/silocreativo.win\/ptyp\/es\/manuel-jimenez-sanchez-y-patricia-garcia-espin-publican-the-mobilising-memory-of-the-15-m-movement-recollections-and-sediments-in-spanish-protest-culture\/","title":{"rendered":"Manuel Jim\u00e9nez S\u00e1nchez y Patricia Garc\u00eda Esp\u00edn publican \u00abThe mobilising memory of the 15-M movement: recollections and sediments in Spanish protest culture\u00bb"},"content":{"rendered":"\n<p>El art\u00edculo examina la memoria del movimiento 15-M entre los manifestantes ordinarios a partir de cuarenta y cuatro entrevistas en profundidad sobre movilizaciones recientes, mostrando no solo un recuerdo generalizado del 15-M ocho a\u00f1os despu\u00e9s, sino  la inclusi\u00f3n de componentes movilizadores a trav\u00e9s de la memoria o su influencia en las percepciones de la protesta como herramienta pol\u00edtica entre otros.<\/p>\n\n\n\n<div style=\"height:32px\" aria-hidden=\"true\" class=\"wp-block-spacer\"><\/div>\n\n\n\n<p>Puedes acceder al art\u00edculo <a rel=\"noreferrer noopener\" href=\"https:\/\/www.tandfonline.com\/doi\/full\/10.1080\/14742837.2022.2061941?scroll=top&amp;needAccess=true\" target=\"_blank\"><strong>aqu\u00ed.<\/strong><\/a><\/p>\n\n\n\n<div style=\"height:100px\" aria-hidden=\"true\" class=\"wp-block-spacer\"><\/div>\n","protected":false},"excerpt":{"rendered":"<p>El art\u00edculo examina la memoria del movimiento 15-M entre los manifestantes ordinarios a partir de cuarenta y cuatro entrevistas en profundidad sobre movilizaciones recientes, mostrando no solo un recuerdo generalizado del 15-M ocho a\u00f1os despu\u00e9s, sino la inclusi\u00f3n de componentes movilizadores a trav\u00e9s de la memoria o su influencia en las percepciones de la protesta [&hellip;]<\/p>\n","protected":false},"author":2,"featured_media":0,"comment_status":"closed","ping_status":"closed","sticky":false,"template":"","format":"standard","meta":{"footnotes":""},"categories":[7],"tags":[],"class_list":["post-3610","post","type-post","status-publish","format-standard","hentry","category-uncategorised-es"],"_links":{"self":[{"href":"https:\/\/silocreativo.win\/ptyp\/wp-json\/wp\/v2\/posts\/3610","targetHints":{"allow":["GET"]}}],"collection":[{"href":"https:\/\/silocreativo.win\/ptyp\/wp-json\/wp\/v2\/posts"}],"about":[{"href":"https:\/\/silocreativo.win\/ptyp\/wp-json\/wp\/v2\/types\/post"}],"author":[{"embeddable":true,"href":"https:\/\/silocreativo.win\/ptyp\/wp-json\/wp\/v2\/users\/2"}],"replies":[{"embeddable":true,"href":"https:\/\/silocreativo.win\/ptyp\/wp-json\/wp\/v2\/comments?post=3610"}],"version-history":[{"count":4,"href":"https:\/\/silocreativo.win\/ptyp\/wp-json\/wp\/v2\/posts\/3610\/revisions"}],"predecessor-version":[{"id":3616,"href":"https:\/\/silocreativo.win\/ptyp\/wp-json\/wp\/v2\/posts\/3610\/revisions\/3616"}],"wp:attachment":[{"href":"https:\/\/silocreativo.win\/ptyp\/wp-json\/wp\/v2\/media?parent=3610"}],"wp:term":[{"taxonomy":"category","embeddable":true,"href":"https:\/\/silocreativo.win\/ptyp\/wp-json\/wp\/v2\/categories?post=3610"},{"taxonomy":"post_tag","embeddable":true,"href":"https:\/\/silocreativo.win\/ptyp\/wp-json\/wp\/v2\/tags?post=3610"}],"curies":[{"name":"wp","href":"https:\/\/api.w.org\/{rel}","templated":true}]}}