{"id":3628,"date":"2022-09-19T13:35:10","date_gmt":"2022-09-19T11:35:10","guid":{"rendered":"https:\/\/silocreativo.win\/ptyp\/?p=3628"},"modified":"2022-09-19T13:56:02","modified_gmt":"2022-09-19T11:56:02","slug":"fraile-m-jimenez-m-y-lobera-j-have-published-the-article-testing-public-reactions-to-mass-protest-hybrid-media-events-a-rolling-cross-sectional-study-of-international-womens-day-in-sp","status":"publish","type":"post","link":"https:\/\/silocreativo.win\/ptyp\/es\/fraile-m-jimenez-m-y-lobera-j-have-published-the-article-testing-public-reactions-to-mass-protest-hybrid-media-events-a-rolling-cross-sectional-study-of-international-womens-day-in-sp\/","title":{"rendered":"FRAILE, M.; JIM\u00c9NEZ-S\u00c1NCHEZ, M. Y LOBERA, J. PUBLICAN: \u00abTESTING PUBLIC REACTIONS TO MASS-PROTEST HYBRID MEDIA EVENTS A ROLLING CROSS-SECTIONAL STUDY OF INTERNATIONAL WOMEN\u00b4S DAY IN SPAIN\u00bb."},"content":{"rendered":"\n<p>En este art\u00edculo publicado en POQ se ilustran los efectos en la opini\u00f3n p\u00fablica del D\u00eda Internacional de la Mujer 2019 en Espa\u00f1a. Se muestra c\u00f3mo el D\u00eda Internacional de la Mujer incit\u00f3 al p\u00fablico a pensar y hablar sobre las desigualdades de g\u00e9nero, configurando un contexto temporal propicio para la formaci\u00f3n de opini\u00f3n.<\/p>\n\n\n\n<div style=\"height:42px\" aria-hidden=\"true\" class=\"wp-block-spacer\"><\/div>\n\n\n\n<p>Puedes acceder al art\u00edculo completo <a rel=\"noreferrer noopener\" href=\"https:\/\/academic.oup.com\/poq\/advance-article\/doi\/10.1093\/poq\/nfac033\/6697928?guestAccessKey=4b708a4c-23d5-46dc-bddf-2a6279c4fe9e\" target=\"_blank\"><strong>aqu\u00ed.<\/strong><\/a><\/p>\n\n\n\n<div style=\"height:54px\" aria-hidden=\"true\" class=\"wp-block-spacer\"><\/div>\n","protected":false},"excerpt":{"rendered":"<p>En este art\u00edculo publicado en POQ se ilustran los efectos en la opini\u00f3n p\u00fablica del D\u00eda Internacional de la Mujer 2019 en Espa\u00f1a. Se muestra c\u00f3mo el D\u00eda Internacional de la Mujer incit\u00f3 al p\u00fablico a pensar y hablar sobre las desigualdades de g\u00e9nero, configurando un contexto temporal propicio para la formaci\u00f3n de opini\u00f3n. Puedes [&hellip;]<\/p>\n","protected":false},"author":2,"featured_media":0,"comment_status":"closed","ping_status":"closed","sticky":false,"template":"","format":"standard","meta":{"footnotes":""},"categories":[7],"tags":[],"class_list":["post-3628","post","type-post","status-publish","format-standard","hentry","category-uncategorised-es"],"_links":{"self":[{"href":"https:\/\/silocreativo.win\/ptyp\/wp-json\/wp\/v2\/posts\/3628","targetHints":{"allow":["GET"]}}],"collection":[{"href":"https:\/\/silocreativo.win\/ptyp\/wp-json\/wp\/v2\/posts"}],"about":[{"href":"https:\/\/silocreativo.win\/ptyp\/wp-json\/wp\/v2\/types\/post"}],"author":[{"embeddable":true,"href":"https:\/\/silocreativo.win\/ptyp\/wp-json\/wp\/v2\/users\/2"}],"replies":[{"embeddable":true,"href":"https:\/\/silocreativo.win\/ptyp\/wp-json\/wp\/v2\/comments?post=3628"}],"version-history":[{"count":7,"href":"https:\/\/silocreativo.win\/ptyp\/wp-json\/wp\/v2\/posts\/3628\/revisions"}],"predecessor-version":[{"id":3640,"href":"https:\/\/silocreativo.win\/ptyp\/wp-json\/wp\/v2\/posts\/3628\/revisions\/3640"}],"wp:attachment":[{"href":"https:\/\/silocreativo.win\/ptyp\/wp-json\/wp\/v2\/media?parent=3628"}],"wp:term":[{"taxonomy":"category","embeddable":true,"href":"https:\/\/silocreativo.win\/ptyp\/wp-json\/wp\/v2\/categories?post=3628"},{"taxonomy":"post_tag","embeddable":true,"href":"https:\/\/silocreativo.win\/ptyp\/wp-json\/wp\/v2\/tags?post=3628"}],"curies":[{"name":"wp","href":"https:\/\/api.w.org\/{rel}","templated":true}]}}