{"id":3672,"date":"2023-01-26T10:27:32","date_gmt":"2023-01-26T09:27:32","guid":{"rendered":"https:\/\/silocreativo.win\/ptyp\/?p=3672"},"modified":"2023-01-26T10:45:22","modified_gmt":"2023-01-26T09:45:22","slug":"life-seminars-difunde-el-proyecto-proteica-en-la-universidad-de-lisboa","status":"publish","type":"post","link":"https:\/\/silocreativo.win\/ptyp\/es\/life-seminars-difunde-el-proyecto-proteica-en-la-universidad-de-lisboa\/","title":{"rendered":"LIFE SEMINARS difunde el proyecto PROTEICA en la Universidad de Lisboa"},"content":{"rendered":"\n<p>El pasado 24 de enero se present\u00f3 el proyecto PROTEICA entre los seminarios celebrados por el grupo de investigaci\u00f3n <a rel=\"noreferrer noopener\" href=\"https:\/\/liferesearchgroup.wordpress.com\/\" target=\"_blank\">LIFE Research Group<\/a> del Instituto de Ciencias Sociales de la\u00a0 Universidad de Lisboa (ICS-UL). Se cont\u00f3 con la participaci\u00f3n de Ra\u00fal \u00c1lvarez P\u00e9rez investigador del proyecto y profesor del departamento de Trabajo Social de la Universidad Pablo de Olavide quien present\u00f3\u00a0<strong>\u00a0<\/strong>algunos de los resultados del proyecto<strong>\u00a0<\/strong>en las jornadas celebradas.<\/p>\n\n\n\n<div style=\"height:80px\" aria-hidden=\"true\" class=\"wp-block-spacer\"><\/div>\n\n\n\n<p>M\u00e1s informaci\u00f3n <strong><span class=\"has-inline-color has-vivid-cyan-blue-color\"><a rel=\"noreferrer noopener\" href=\"https:\/\/liferesearchgroup.wordpress.com\/2023\/01\/13\/proteica-protesto-aprendizagem-e-mudanca-politica-24-janeiro-11h-sala-2\/\" target=\"_blank\">aqu\u00ed.<\/a><\/span><\/strong><\/p>\n\n\n\n<p><\/p>\n\n\n\n<div style=\"height:80px\" aria-hidden=\"true\" class=\"wp-block-spacer\"><\/div>\n","protected":false},"excerpt":{"rendered":"<p>El pasado 24 de enero se present\u00f3 el proyecto PROTEICA entre los seminarios celebrados por el grupo de investigaci\u00f3n LIFE Research Group del Instituto de Ciencias Sociales de la\u00a0 Universidad de Lisboa (ICS-UL). Se cont\u00f3 con la participaci\u00f3n de Ra\u00fal \u00c1lvarez P\u00e9rez investigador del proyecto y profesor del departamento de Trabajo Social de la Universidad [&hellip;]<\/p>\n","protected":false},"author":2,"featured_media":0,"comment_status":"closed","ping_status":"closed","sticky":false,"template":"","format":"standard","meta":{"footnotes":""},"categories":[7],"tags":[],"class_list":["post-3672","post","type-post","status-publish","format-standard","hentry","category-uncategorised-es"],"_links":{"self":[{"href":"https:\/\/silocreativo.win\/ptyp\/wp-json\/wp\/v2\/posts\/3672","targetHints":{"allow":["GET"]}}],"collection":[{"href":"https:\/\/silocreativo.win\/ptyp\/wp-json\/wp\/v2\/posts"}],"about":[{"href":"https:\/\/silocreativo.win\/ptyp\/wp-json\/wp\/v2\/types\/post"}],"author":[{"embeddable":true,"href":"https:\/\/silocreativo.win\/ptyp\/wp-json\/wp\/v2\/users\/2"}],"replies":[{"embeddable":true,"href":"https:\/\/silocreativo.win\/ptyp\/wp-json\/wp\/v2\/comments?post=3672"}],"version-history":[{"count":3,"href":"https:\/\/silocreativo.win\/ptyp\/wp-json\/wp\/v2\/posts\/3672\/revisions"}],"predecessor-version":[{"id":3676,"href":"https:\/\/silocreativo.win\/ptyp\/wp-json\/wp\/v2\/posts\/3672\/revisions\/3676"}],"wp:attachment":[{"href":"https:\/\/silocreativo.win\/ptyp\/wp-json\/wp\/v2\/media?parent=3672"}],"wp:term":[{"taxonomy":"category","embeddable":true,"href":"https:\/\/silocreativo.win\/ptyp\/wp-json\/wp\/v2\/categories?post=3672"},{"taxonomy":"post_tag","embeddable":true,"href":"https:\/\/silocreativo.win\/ptyp\/wp-json\/wp\/v2\/tags?post=3672"}],"curies":[{"name":"wp","href":"https:\/\/api.w.org\/{rel}","templated":true}]}}